{"id":18575,"date":"2025-11-24T11:27:14","date_gmt":"2025-11-24T11:27:14","guid":{"rendered":"https:\/\/www.fertilitycrete.gr\/?p=18575"},"modified":"2025-11-24T11:28:27","modified_gmt":"2025-11-24T11:28:27","slug":"dr-fraidakis-au-2e-congres-de-la-sima","status":"publish","type":"post","link":"https:\/\/www.fertilitycrete.gr\/fr\/actualites-publications\/dr-fraidakis-au-2e-congres-de-la-sima\/","title":{"rendered":"Dr Fraidakis au 2e congr\u00e8s de la SIMA"},"content":{"rendered":"<div class=\"fusion-fullwidth fullwidth-box fusion-builder-row-1 fusion-flex-container nonhundred-percent-fullwidth non-hundred-percent-height-scrolling\" style=\"--awb-border-radius-top-left:0px;--awb-border-radius-top-right:0px;--awb-border-radius-bottom-right:0px;--awb-border-radius-bottom-left:0px;--awb-flex-wrap:wrap;\" ><div class=\"fusion-builder-row fusion-row fusion-flex-align-items-flex-start fusion-flex-content-wrap\" style=\"max-width:1216.8px;margin-left: calc(-4% \/ 2 );margin-right: calc(-4% \/ 2 );\"><div class=\"fusion-layout-column fusion_builder_column fusion-builder-column-0 fusion_builder_column_1_1 1_1 fusion-flex-column\" style=\"--awb-bg-size:cover;--awb-width-large:100%;--awb-margin-top-large:0px;--awb-spacing-right-large:1.92%;--awb-margin-bottom-large:0px;--awb-spacing-left-large:1.92%;--awb-width-medium:100%;--awb-spacing-right-medium:1.92%;--awb-spacing-left-medium:1.92%;--awb-width-small:100%;--awb-spacing-right-small:1.92%;--awb-spacing-left-small:1.92%;\"><div class=\"fusion-column-wrapper fusion-flex-justify-content-flex-start fusion-content-layout-column\"><div class=\"fusion-text fusion-text-1\" style=\"--awb-content-alignment:justify;\" id=\"textblock\"><p>Le directeur scientifique du Centre de fertilit\u00e9 de Cr\u00e8te, Mattheos Fraidakis, a particip\u00e9 au <strong>2e congr\u00e8s de la SIMA<\/strong>, qui s&rsquo;est tenu du 21 au 23 novembre 2025 \u00e0 l&rsquo;h\u00f4tel Aquila Atlantis d&rsquo;H\u00e9raklion, en Cr\u00e8te.<\/p>\n<p>Organis\u00e9 par l&rsquo;Association m\u00e9dicale d&rsquo;H\u00e9raklion et l&rsquo;Association m\u00e9dicale de Famagouste, ce congr\u00e8s s&rsquo;inspire de la premi\u00e8re mention connue d&rsquo;un m\u00e9decin \u00e0 l&rsquo;\u00e9poque minoenne (\u03a3\u0399\u039c\u0391), d\u00e9couverte sur une jarre de Phaistos datant du XVIIe si\u00e8cle avant J.-C.<\/p>\n<p>Le Dr Fraidakis, directeur scientifique du Centre de fertilit\u00e9 de Cr\u00e8te, a pr\u00e9sent\u00e9 une communication intitul\u00e9e <strong>\u00ab\u00a0Sant\u00e9 et planification familiale\u00a0: le r\u00f4le de la famille dans le d\u00e9veloppement de l&rsquo;enfant\u00a0\u00bb<\/strong> le vendredi 21 novembre, dans le cadre de la session de haut niveau de la conf\u00e9rence \u00ab\u00a0Sant\u00e9 et qualit\u00e9 de vie des patients atteints de cancer\u00a0\u00bb.<\/p>\n<\/div><div class=\"awb-gallery-wrapper awb-gallery-wrapper-1 button-span-no\" style=\"--more-btn-alignment:center;\"><div style=\"margin:-5px;--awb-bordersize:0px;\" class=\"fusion-gallery fusion-gallery-container fusion-grid-3 fusion-columns-total-2 fusion-gallery-layout-masonry fusion-gallery-1\"><div class=\"fusion-grid-column fusion-gallery-column fusion-gallery-column-3 hover-type-none fusion-grid-sizer\"><\/div><div style=\"padding:5px;\" class=\"fusion-grid-column fusion-gallery-column fusion-gallery-column-3 hover-type-none fusion-element-portrait\"><div class=\"fusion-gallery-image\"><a href=\"https:\/\/www.fertilitycrete.gr\/wp-content\/uploads\/2025\/11\/SIMA-2025.jpg\" rel=\"noreferrer\" data-rel=\"iLightbox[gallery_image_1]\" class=\"fusion-lightbox\" target=\"_self\"><div style=\"padding-top:calc((100% + 10px) * 1.6);background-position:;\" class=\"fusion-masonry-element-container lazyload\" data-bg=\"https:\/\/www.fertilitycrete.gr\/wp-content\/uploads\/2025\/11\/SIMA-2025.jpg\"><img decoding=\"async\" src=\"https:\/\/www.fertilitycrete.gr\/wp-content\/uploads\/2025\/11\/SIMA-2025.jpg\" width=\"897\" height=\"1260\" alt=\"\" title=\"SIMA-2025\" aria-label=\"SIMA-2025\" class=\"img-responsive wp-image-18543 fusion-gallery-image-size-fixed\" srcset=\"https:\/\/www.fertilitycrete.gr\/wp-content\/uploads\/2025\/11\/SIMA-2025-200x281.jpg 200w, https:\/\/www.fertilitycrete.gr\/wp-content\/uploads\/2025\/11\/SIMA-2025-400x562.jpg 400w, https:\/\/www.fertilitycrete.gr\/wp-content\/uploads\/2025\/11\/SIMA-2025-600x843.jpg 600w, https:\/\/www.fertilitycrete.gr\/wp-content\/uploads\/2025\/11\/SIMA-2025-800x1124.jpg 800w, https:\/\/www.fertilitycrete.gr\/wp-content\/uploads\/2025\/11\/SIMA-2025.jpg 897w\" sizes=\"(min-width: 2200px) 100vw, (min-width: 824px) 387px, (min-width: 732px) 580px, (min-width: 640px) 732px, \" \/><\/div><\/a><\/div><\/div><div style=\"padding:5px;\" class=\"fusion-grid-column fusion-gallery-column fusion-gallery-column-3 hover-type-none fusion-element-portrait\"><div class=\"fusion-gallery-image\"><a href=\"https:\/\/www.fertilitycrete.gr\/wp-content\/uploads\/2025\/11\/dr-fraidakis-SIMA-2025.jpg\" rel=\"noreferrer\" data-rel=\"iLightbox[gallery_image_1]\" class=\"fusion-lightbox\" target=\"_self\"><div style=\"padding-top:calc((100% + 10px) * 1.6);background-position:;\" class=\"fusion-masonry-element-container lazyload\" data-bg=\"https:\/\/www.fertilitycrete.gr\/wp-content\/uploads\/2025\/11\/dr-fraidakis-SIMA-2025.jpg\"><img decoding=\"async\" src=\"https:\/\/www.fertilitycrete.gr\/wp-content\/uploads\/2025\/11\/dr-fraidakis-SIMA-2025.jpg\" width=\"1200\" height=\"1500\" alt=\"\" title=\"dr-fraidakis-SIMA-2025\" aria-label=\"dr-fraidakis-SIMA-2025\" class=\"img-responsive wp-image-18557 fusion-gallery-image-size-fixed\" srcset=\"https:\/\/www.fertilitycrete.gr\/wp-content\/uploads\/2025\/11\/dr-fraidakis-SIMA-2025-200x250.jpg 200w, https:\/\/www.fertilitycrete.gr\/wp-content\/uploads\/2025\/11\/dr-fraidakis-SIMA-2025-400x500.jpg 400w, https:\/\/www.fertilitycrete.gr\/wp-content\/uploads\/2025\/11\/dr-fraidakis-SIMA-2025-600x750.jpg 600w, https:\/\/www.fertilitycrete.gr\/wp-content\/uploads\/2025\/11\/dr-fraidakis-SIMA-2025-800x1000.jpg 800w, https:\/\/www.fertilitycrete.gr\/wp-content\/uploads\/2025\/11\/dr-fraidakis-SIMA-2025.jpg 1200w\" sizes=\"(min-width: 2200px) 100vw, (min-width: 824px) 387px, (min-width: 732px) 580px, (min-width: 640px) 732px, \" \/><\/div><\/a><\/div><\/div><\/div><\/div><\/div><\/div><\/div><\/div>\n","protected":false},"excerpt":{"rendered":"","protected":false},"author":2,"featured_media":18564,"comment_status":"open","ping_status":"open","sticky":false,"template":"","format":"standard","meta":{"footnotes":""},"categories":[113],"tags":[117],"class_list":["post-18575","post","type-post","status-publish","format-standard","has-post-thumbnail","hentry","category-actualites-publications","tag-crete-fertility-centre-fr"],"yoast_head":"<!-- This site is optimized with the Yoast SEO plugin v25.2 - https:\/\/yoast.com\/wordpress\/plugins\/seo\/ -->\n<title>Dr Fraidakis au 2e congr\u00e8s de la SIMA - Crete Fertility Centre<\/title>\n<meta name=\"description\" content=\"Dr Fraidakis participe au 2e congr\u00e8s de la SIMA.\" \/>\n<meta name=\"robots\" content=\"index, follow, max-snippet:-1, max-image-preview:large, max-video-preview:-1\" \/>\n<link rel=\"canonical\" href=\"https:\/\/www.fertilitycrete.gr\/fr\/actualites-publications\/dr-fraidakis-au-2e-congres-de-la-sima\/\" \/>\n<meta property=\"og:locale\" content=\"fr_FR\" \/>\n<meta property=\"og:type\" content=\"article\" \/>\n<meta property=\"og:title\" content=\"Dr Fraidakis au 2e congr\u00e8s de la SIMA - Crete Fertility Centre\" \/>\n<meta property=\"og:description\" content=\"Dr Fraidakis participe au 2e congr\u00e8s de la SIMA.\" \/>\n<meta property=\"og:url\" content=\"https:\/\/www.fertilitycrete.gr\/fr\/actualites-publications\/dr-fraidakis-au-2e-congres-de-la-sima\/\" \/>\n<meta property=\"og:site_name\" content=\"Crete Fertility Centre\" \/>\n<meta property=\"article:publisher\" content=\"https:\/\/www.facebook.com\/cretefertility\/\" \/>\n<meta property=\"article:published_time\" content=\"2025-11-24T11:27:14+00:00\" \/>\n<meta property=\"article:modified_time\" content=\"2025-11-24T11:28:27+00:00\" \/>\n<meta property=\"og:image\" content=\"https:\/\/www.fertilitycrete.gr\/wp-content\/uploads\/2025\/11\/logo-sima-25.jpg\" \/>\n\t<meta property=\"og:image:width\" content=\"2500\" \/>\n\t<meta property=\"og:image:height\" content=\"1024\" \/>\n\t<meta property=\"og:image:type\" content=\"image\/jpeg\" \/>\n<meta name=\"author\" content=\"fer_gr_dalth\" \/>\n<meta name=\"twitter:card\" content=\"summary_large_image\" \/>\n<meta name=\"twitter:label1\" content=\"\u00c9crit par\" \/>\n\t<meta name=\"twitter:data1\" content=\"fer_gr_dalth\" \/>\n\t<meta name=\"twitter:label2\" content=\"Dur\u00e9e de lecture estim\u00e9e\" \/>\n\t<meta name=\"twitter:data2\" content=\"2 minutes\" \/>\n<script type=\"application\/ld+json\" class=\"yoast-schema-graph\">{\"@context\":\"https:\/\/schema.org\",\"@graph\":[{\"@type\":\"Article\",\"@id\":\"https:\/\/www.fertilitycrete.gr\/fr\/actualites-publications\/dr-fraidakis-au-2e-congres-de-la-sima\/#article\",\"isPartOf\":{\"@id\":\"https:\/\/www.fertilitycrete.gr\/fr\/actualites-publications\/dr-fraidakis-au-2e-congres-de-la-sima\/\"},\"author\":{\"name\":\"fer_gr_dalth\",\"@id\":\"https:\/\/www.fertilitycrete.gr\/#\/schema\/person\/1855edb244213cbfb9d738db768415ac\"},\"headline\":\"Dr Fraidakis au 2e congr\u00e8s de la SIMA\",\"datePublished\":\"2025-11-24T11:27:14+00:00\",\"dateModified\":\"2025-11-24T11:28:27+00:00\",\"mainEntityOfPage\":{\"@id\":\"https:\/\/www.fertilitycrete.gr\/fr\/actualites-publications\/dr-fraidakis-au-2e-congres-de-la-sima\/\"},\"wordCount\":680,\"commentCount\":0,\"publisher\":{\"@id\":\"https:\/\/www.fertilitycrete.gr\/#organization\"},\"image\":{\"@id\":\"https:\/\/www.fertilitycrete.gr\/fr\/actualites-publications\/dr-fraidakis-au-2e-congres-de-la-sima\/#primaryimage\"},\"thumbnailUrl\":\"https:\/\/www.fertilitycrete.gr\/wp-content\/uploads\/2025\/11\/logo-sima-25.jpg\",\"keywords\":[\"Crete Fertility Centre\"],\"articleSection\":[\"Actualit\u00e9s\"],\"inLanguage\":\"fr-FR\",\"potentialAction\":[{\"@type\":\"CommentAction\",\"name\":\"Comment\",\"target\":[\"https:\/\/www.fertilitycrete.gr\/fr\/actualites-publications\/dr-fraidakis-au-2e-congres-de-la-sima\/#respond\"]}]},{\"@type\":\"WebPage\",\"@id\":\"https:\/\/www.fertilitycrete.gr\/fr\/actualites-publications\/dr-fraidakis-au-2e-congres-de-la-sima\/\",\"url\":\"https:\/\/www.fertilitycrete.gr\/fr\/actualites-publications\/dr-fraidakis-au-2e-congres-de-la-sima\/\",\"name\":\"Dr Fraidakis au 2e congr\u00e8s de la SIMA - Crete Fertility Centre\",\"isPartOf\":{\"@id\":\"https:\/\/www.fertilitycrete.gr\/#website\"},\"primaryImageOfPage\":{\"@id\":\"https:\/\/www.fertilitycrete.gr\/fr\/actualites-publications\/dr-fraidakis-au-2e-congres-de-la-sima\/#primaryimage\"},\"image\":{\"@id\":\"https:\/\/www.fertilitycrete.gr\/fr\/actualites-publications\/dr-fraidakis-au-2e-congres-de-la-sima\/#primaryimage\"},\"thumbnailUrl\":\"https:\/\/www.fertilitycrete.gr\/wp-content\/uploads\/2025\/11\/logo-sima-25.jpg\",\"datePublished\":\"2025-11-24T11:27:14+00:00\",\"dateModified\":\"2025-11-24T11:28:27+00:00\",\"description\":\"Dr Fraidakis participe au 2e congr\u00e8s de la SIMA.\",\"breadcrumb\":{\"@id\":\"https:\/\/www.fertilitycrete.gr\/fr\/actualites-publications\/dr-fraidakis-au-2e-congres-de-la-sima\/#breadcrumb\"},\"inLanguage\":\"fr-FR\",\"potentialAction\":[{\"@type\":\"ReadAction\",\"target\":[\"https:\/\/www.fertilitycrete.gr\/fr\/actualites-publications\/dr-fraidakis-au-2e-congres-de-la-sima\/\"]}]},{\"@type\":\"ImageObject\",\"inLanguage\":\"fr-FR\",\"@id\":\"https:\/\/www.fertilitycrete.gr\/fr\/actualites-publications\/dr-fraidakis-au-2e-congres-de-la-sima\/#primaryimage\",\"url\":\"https:\/\/www.fertilitycrete.gr\/wp-content\/uploads\/2025\/11\/logo-sima-25.jpg\",\"contentUrl\":\"https:\/\/www.fertilitycrete.gr\/wp-content\/uploads\/2025\/11\/logo-sima-25.jpg\",\"width\":2500,\"height\":1024},{\"@type\":\"BreadcrumbList\",\"@id\":\"https:\/\/www.fertilitycrete.gr\/fr\/actualites-publications\/dr-fraidakis-au-2e-congres-de-la-sima\/#breadcrumb\",\"itemListElement\":[{\"@type\":\"ListItem\",\"position\":1,\"name\":\"Home\",\"item\":\"https:\/\/www.fertilitycrete.gr\/fr\/\"},{\"@type\":\"ListItem\",\"position\":2,\"name\":\"Dr Fraidakis au 2e congr\u00e8s de la SIMA\"}]},{\"@type\":\"WebSite\",\"@id\":\"https:\/\/www.fertilitycrete.gr\/#website\",\"url\":\"https:\/\/www.fertilitycrete.gr\/\",\"name\":\"Crete Fertility Centre\",\"description\":\"Pionnier dans le domaine de la procr\u00e9ation humaine assist\u00e9e avec plus de 30 ans d'exp\u00e9rience en FIV.\",\"publisher\":{\"@id\":\"https:\/\/www.fertilitycrete.gr\/#organization\"},\"potentialAction\":[{\"@type\":\"SearchAction\",\"target\":{\"@type\":\"EntryPoint\",\"urlTemplate\":\"https:\/\/www.fertilitycrete.gr\/?s={search_term_string}\"},\"query-input\":{\"@type\":\"PropertyValueSpecification\",\"valueRequired\":true,\"valueName\":\"search_term_string\"}}],\"inLanguage\":\"fr-FR\"},{\"@type\":\"Organization\",\"@id\":\"https:\/\/www.fertilitycrete.gr\/#organization\",\"name\":\"Crete Fertility Centre\",\"url\":\"https:\/\/www.fertilitycrete.gr\/\",\"logo\":{\"@type\":\"ImageObject\",\"inLanguage\":\"fr-FR\",\"@id\":\"https:\/\/www.fertilitycrete.gr\/#\/schema\/logo\/image\/\",\"url\":\"https:\/\/www.fertilitycrete.gr\/wp-content\/uploads\/2021\/09\/crete-fertility-centre-logo-2020-site.png\",\"contentUrl\":\"https:\/\/www.fertilitycrete.gr\/wp-content\/uploads\/2021\/09\/crete-fertility-centre-logo-2020-site.png\",\"width\":3392,\"height\":1949,\"caption\":\"Crete Fertility Centre\"},\"image\":{\"@id\":\"https:\/\/www.fertilitycrete.gr\/#\/schema\/logo\/image\/\"},\"sameAs\":[\"https:\/\/www.facebook.com\/cretefertility\/\",\"https:\/\/www.youtube.com\/user\/FertilityCrete\"]},{\"@type\":\"Person\",\"@id\":\"https:\/\/www.fertilitycrete.gr\/#\/schema\/person\/1855edb244213cbfb9d738db768415ac\",\"name\":\"fer_gr_dalth\",\"image\":{\"@type\":\"ImageObject\",\"inLanguage\":\"fr-FR\",\"@id\":\"https:\/\/www.fertilitycrete.gr\/#\/schema\/person\/image\/\",\"url\":\"https:\/\/secure.gravatar.com\/avatar\/c631a8b98ef47fdca0e413d3e2f3366ac24cda4b5ceea8d772b26afde59fc2f7?s=96&d=mm&r=g\",\"contentUrl\":\"https:\/\/secure.gravatar.com\/avatar\/c631a8b98ef47fdca0e413d3e2f3366ac24cda4b5ceea8d772b26afde59fc2f7?s=96&d=mm&r=g\",\"caption\":\"fer_gr_dalth\"},\"url\":\"https:\/\/www.fertilitycrete.gr\/fr\/author\/fer_gr_dalth\/\"}]}<\/script>\n<!-- \/ Yoast SEO plugin. -->","yoast_head_json":{"title":"Dr Fraidakis au 2e congr\u00e8s de la SIMA - Crete Fertility Centre","description":"Dr Fraidakis participe au 2e congr\u00e8s de la SIMA.","robots":{"index":"index","follow":"follow","max-snippet":"max-snippet:-1","max-image-preview":"max-image-preview:large","max-video-preview":"max-video-preview:-1"},"canonical":"https:\/\/www.fertilitycrete.gr\/fr\/actualites-publications\/dr-fraidakis-au-2e-congres-de-la-sima\/","og_locale":"fr_FR","og_type":"article","og_title":"Dr Fraidakis au 2e congr\u00e8s de la SIMA - Crete Fertility Centre","og_description":"Dr Fraidakis participe au 2e congr\u00e8s de la SIMA.","og_url":"https:\/\/www.fertilitycrete.gr\/fr\/actualites-publications\/dr-fraidakis-au-2e-congres-de-la-sima\/","og_site_name":"Crete Fertility Centre","article_publisher":"https:\/\/www.facebook.com\/cretefertility\/","article_published_time":"2025-11-24T11:27:14+00:00","article_modified_time":"2025-11-24T11:28:27+00:00","og_image":[{"width":2500,"height":1024,"url":"https:\/\/www.fertilitycrete.gr\/wp-content\/uploads\/2025\/11\/logo-sima-25.jpg","type":"image\/jpeg"}],"author":"fer_gr_dalth","twitter_card":"summary_large_image","twitter_misc":{"\u00c9crit par":"fer_gr_dalth","Dur\u00e9e de lecture estim\u00e9e":"2 minutes"},"schema":{"@context":"https:\/\/schema.org","@graph":[{"@type":"Article","@id":"https:\/\/www.fertilitycrete.gr\/fr\/actualites-publications\/dr-fraidakis-au-2e-congres-de-la-sima\/#article","isPartOf":{"@id":"https:\/\/www.fertilitycrete.gr\/fr\/actualites-publications\/dr-fraidakis-au-2e-congres-de-la-sima\/"},"author":{"name":"fer_gr_dalth","@id":"https:\/\/www.fertilitycrete.gr\/#\/schema\/person\/1855edb244213cbfb9d738db768415ac"},"headline":"Dr Fraidakis au 2e congr\u00e8s de la SIMA","datePublished":"2025-11-24T11:27:14+00:00","dateModified":"2025-11-24T11:28:27+00:00","mainEntityOfPage":{"@id":"https:\/\/www.fertilitycrete.gr\/fr\/actualites-publications\/dr-fraidakis-au-2e-congres-de-la-sima\/"},"wordCount":680,"commentCount":0,"publisher":{"@id":"https:\/\/www.fertilitycrete.gr\/#organization"},"image":{"@id":"https:\/\/www.fertilitycrete.gr\/fr\/actualites-publications\/dr-fraidakis-au-2e-congres-de-la-sima\/#primaryimage"},"thumbnailUrl":"https:\/\/www.fertilitycrete.gr\/wp-content\/uploads\/2025\/11\/logo-sima-25.jpg","keywords":["Crete Fertility Centre"],"articleSection":["Actualit\u00e9s"],"inLanguage":"fr-FR","potentialAction":[{"@type":"CommentAction","name":"Comment","target":["https:\/\/www.fertilitycrete.gr\/fr\/actualites-publications\/dr-fraidakis-au-2e-congres-de-la-sima\/#respond"]}]},{"@type":"WebPage","@id":"https:\/\/www.fertilitycrete.gr\/fr\/actualites-publications\/dr-fraidakis-au-2e-congres-de-la-sima\/","url":"https:\/\/www.fertilitycrete.gr\/fr\/actualites-publications\/dr-fraidakis-au-2e-congres-de-la-sima\/","name":"Dr Fraidakis au 2e congr\u00e8s de la SIMA - Crete Fertility Centre","isPartOf":{"@id":"https:\/\/www.fertilitycrete.gr\/#website"},"primaryImageOfPage":{"@id":"https:\/\/www.fertilitycrete.gr\/fr\/actualites-publications\/dr-fraidakis-au-2e-congres-de-la-sima\/#primaryimage"},"image":{"@id":"https:\/\/www.fertilitycrete.gr\/fr\/actualites-publications\/dr-fraidakis-au-2e-congres-de-la-sima\/#primaryimage"},"thumbnailUrl":"https:\/\/www.fertilitycrete.gr\/wp-content\/uploads\/2025\/11\/logo-sima-25.jpg","datePublished":"2025-11-24T11:27:14+00:00","dateModified":"2025-11-24T11:28:27+00:00","description":"Dr Fraidakis participe au 2e congr\u00e8s de la SIMA.","breadcrumb":{"@id":"https:\/\/www.fertilitycrete.gr\/fr\/actualites-publications\/dr-fraidakis-au-2e-congres-de-la-sima\/#breadcrumb"},"inLanguage":"fr-FR","potentialAction":[{"@type":"ReadAction","target":["https:\/\/www.fertilitycrete.gr\/fr\/actualites-publications\/dr-fraidakis-au-2e-congres-de-la-sima\/"]}]},{"@type":"ImageObject","inLanguage":"fr-FR","@id":"https:\/\/www.fertilitycrete.gr\/fr\/actualites-publications\/dr-fraidakis-au-2e-congres-de-la-sima\/#primaryimage","url":"https:\/\/www.fertilitycrete.gr\/wp-content\/uploads\/2025\/11\/logo-sima-25.jpg","contentUrl":"https:\/\/www.fertilitycrete.gr\/wp-content\/uploads\/2025\/11\/logo-sima-25.jpg","width":2500,"height":1024},{"@type":"BreadcrumbList","@id":"https:\/\/www.fertilitycrete.gr\/fr\/actualites-publications\/dr-fraidakis-au-2e-congres-de-la-sima\/#breadcrumb","itemListElement":[{"@type":"ListItem","position":1,"name":"Home","item":"https:\/\/www.fertilitycrete.gr\/fr\/"},{"@type":"ListItem","position":2,"name":"Dr Fraidakis au 2e congr\u00e8s de la SIMA"}]},{"@type":"WebSite","@id":"https:\/\/www.fertilitycrete.gr\/#website","url":"https:\/\/www.fertilitycrete.gr\/","name":"Crete Fertility Centre","description":"Pionnier dans le domaine de la procr\u00e9ation humaine assist\u00e9e avec plus de 30 ans d'exp\u00e9rience en FIV.","publisher":{"@id":"https:\/\/www.fertilitycrete.gr\/#organization"},"potentialAction":[{"@type":"SearchAction","target":{"@type":"EntryPoint","urlTemplate":"https:\/\/www.fertilitycrete.gr\/?s={search_term_string}"},"query-input":{"@type":"PropertyValueSpecification","valueRequired":true,"valueName":"search_term_string"}}],"inLanguage":"fr-FR"},{"@type":"Organization","@id":"https:\/\/www.fertilitycrete.gr\/#organization","name":"Crete Fertility Centre","url":"https:\/\/www.fertilitycrete.gr\/","logo":{"@type":"ImageObject","inLanguage":"fr-FR","@id":"https:\/\/www.fertilitycrete.gr\/#\/schema\/logo\/image\/","url":"https:\/\/www.fertilitycrete.gr\/wp-content\/uploads\/2021\/09\/crete-fertility-centre-logo-2020-site.png","contentUrl":"https:\/\/www.fertilitycrete.gr\/wp-content\/uploads\/2021\/09\/crete-fertility-centre-logo-2020-site.png","width":3392,"height":1949,"caption":"Crete Fertility Centre"},"image":{"@id":"https:\/\/www.fertilitycrete.gr\/#\/schema\/logo\/image\/"},"sameAs":["https:\/\/www.facebook.com\/cretefertility\/","https:\/\/www.youtube.com\/user\/FertilityCrete"]},{"@type":"Person","@id":"https:\/\/www.fertilitycrete.gr\/#\/schema\/person\/1855edb244213cbfb9d738db768415ac","name":"fer_gr_dalth","image":{"@type":"ImageObject","inLanguage":"fr-FR","@id":"https:\/\/www.fertilitycrete.gr\/#\/schema\/person\/image\/","url":"https:\/\/secure.gravatar.com\/avatar\/c631a8b98ef47fdca0e413d3e2f3366ac24cda4b5ceea8d772b26afde59fc2f7?s=96&d=mm&r=g","contentUrl":"https:\/\/secure.gravatar.com\/avatar\/c631a8b98ef47fdca0e413d3e2f3366ac24cda4b5ceea8d772b26afde59fc2f7?s=96&d=mm&r=g","caption":"fer_gr_dalth"},"url":"https:\/\/www.fertilitycrete.gr\/fr\/author\/fer_gr_dalth\/"}]}},"_links":{"self":[{"href":"https:\/\/www.fertilitycrete.gr\/fr\/wp-json\/wp\/v2\/posts\/18575","targetHints":{"allow":["GET"]}}],"collection":[{"href":"https:\/\/www.fertilitycrete.gr\/fr\/wp-json\/wp\/v2\/posts"}],"about":[{"href":"https:\/\/www.fertilitycrete.gr\/fr\/wp-json\/wp\/v2\/types\/post"}],"author":[{"embeddable":true,"href":"https:\/\/www.fertilitycrete.gr\/fr\/wp-json\/wp\/v2\/users\/2"}],"replies":[{"embeddable":true,"href":"https:\/\/www.fertilitycrete.gr\/fr\/wp-json\/wp\/v2\/comments?post=18575"}],"version-history":[{"count":2,"href":"https:\/\/www.fertilitycrete.gr\/fr\/wp-json\/wp\/v2\/posts\/18575\/revisions"}],"predecessor-version":[{"id":18577,"href":"https:\/\/www.fertilitycrete.gr\/fr\/wp-json\/wp\/v2\/posts\/18575\/revisions\/18577"}],"wp:featuredmedia":[{"embeddable":true,"href":"https:\/\/www.fertilitycrete.gr\/fr\/wp-json\/wp\/v2\/media\/18564"}],"wp:attachment":[{"href":"https:\/\/www.fertilitycrete.gr\/fr\/wp-json\/wp\/v2\/media?parent=18575"}],"wp:term":[{"taxonomy":"category","embeddable":true,"href":"https:\/\/www.fertilitycrete.gr\/fr\/wp-json\/wp\/v2\/categories?post=18575"},{"taxonomy":"post_tag","embeddable":true,"href":"https:\/\/www.fertilitycrete.gr\/fr\/wp-json\/wp\/v2\/tags?post=18575"}],"curies":[{"name":"wp","href":"https:\/\/api.w.org\/{rel}","templated":true}]}}