{"id":18578,"date":"2025-11-24T11:30:51","date_gmt":"2025-11-24T11:30:51","guid":{"rendered":"https:\/\/www.fertilitycrete.gr\/?p=18578"},"modified":"2025-11-24T11:33:37","modified_gmt":"2025-11-24T11:33:37","slug":"dr-fraidakis-am-2-sima-kongress-teil","status":"publish","type":"post","link":"https:\/\/www.fertilitycrete.gr\/de\/nachrichten\/dr-fraidakis-am-2-sima-kongress-teil\/","title":{"rendered":"Dr Fraidakis am 2. SIMA-Kongress teil"},"content":{"rendered":"<div class=\"fusion-fullwidth fullwidth-box fusion-builder-row-1 fusion-flex-container nonhundred-percent-fullwidth non-hundred-percent-height-scrolling\" style=\"--awb-border-radius-top-left:0px;--awb-border-radius-top-right:0px;--awb-border-radius-bottom-right:0px;--awb-border-radius-bottom-left:0px;--awb-flex-wrap:wrap;\" ><div class=\"fusion-builder-row fusion-row fusion-flex-align-items-flex-start fusion-flex-content-wrap\" style=\"max-width:1216.8px;margin-left: calc(-4% \/ 2 );margin-right: calc(-4% \/ 2 );\"><div class=\"fusion-layout-column fusion_builder_column fusion-builder-column-0 fusion_builder_column_1_1 1_1 fusion-flex-column\" style=\"--awb-bg-size:cover;--awb-width-large:100%;--awb-margin-top-large:0px;--awb-spacing-right-large:1.92%;--awb-margin-bottom-large:0px;--awb-spacing-left-large:1.92%;--awb-width-medium:100%;--awb-spacing-right-medium:1.92%;--awb-spacing-left-medium:1.92%;--awb-width-small:100%;--awb-spacing-right-small:1.92%;--awb-spacing-left-small:1.92%;\"><div class=\"fusion-column-wrapper fusion-flex-justify-content-flex-start fusion-content-layout-column\"><div class=\"fusion-text fusion-text-1\" style=\"--awb-content-alignment:justify;\" id=\"textblock\"><p>Der wissenschaftliche Leiter des Kretischen Kinderwunschzentrums, Mattheos Fraidakis, <strong>nahm am 2. SIMA-Kongress teil<\/strong>, der vom 21. bis 23. November 2025 im Hotel Aquila Atlantis in Heraklion, Kreta, stattfand.<\/p>\n<p>Der Kongress wurde von der \u00c4rztekammer Heraklion und der \u00c4rztekammer Famagusta organisiert und ist inspiriert von der ersten urkundlichen Erw\u00e4hnung eines Arztes aus minoischer Zeit (\u03a3\u0399\u039c\u0391), die auf einem Gef\u00e4\u00df aus Phaistos aus dem 17. Jahrhundert v. Chr. gefunden wurde.<\/p>\n<p>Dr. Fraidakis, wissenschaftlicher Leiter des Kretischen Kinderwunschzentrums, pr\u00e4sentierte am Freitag, den 21. November, im Rahmen des hochkar\u00e4tig besetzten Konferenzbereichs &#8222;Gesundheit und Lebensqualit\u00e4t von Krebspatienten&#8220; das Thema <strong>&#8222;Gesundheit und Familienplanung: Die Rolle der Familie in der kindlichen Entwicklung&#8220;<\/strong>.<\/p>\n<\/div><div class=\"awb-gallery-wrapper awb-gallery-wrapper-1 button-span-no\" style=\"--more-btn-alignment:center;\"><div style=\"margin:-5px;--awb-bordersize:0px;\" class=\"fusion-gallery fusion-gallery-container fusion-grid-3 fusion-columns-total-2 fusion-gallery-layout-masonry fusion-gallery-1\"><div class=\"fusion-grid-column fusion-gallery-column fusion-gallery-column-3 hover-type-none fusion-grid-sizer\"><\/div><div style=\"padding:5px;\" class=\"fusion-grid-column fusion-gallery-column fusion-gallery-column-3 hover-type-none fusion-element-portrait\"><div class=\"fusion-gallery-image\"><a href=\"https:\/\/www.fertilitycrete.gr\/wp-content\/uploads\/2025\/11\/SIMA-2025.jpg\" rel=\"noreferrer\" data-rel=\"iLightbox[gallery_image_1]\" class=\"fusion-lightbox\" target=\"_self\"><div style=\"padding-top:calc((100% + 10px) * 1.6);background-position:;\" class=\"fusion-masonry-element-container lazyload\" data-bg=\"https:\/\/www.fertilitycrete.gr\/wp-content\/uploads\/2025\/11\/SIMA-2025.jpg\"><img decoding=\"async\" src=\"https:\/\/www.fertilitycrete.gr\/wp-content\/uploads\/2025\/11\/SIMA-2025.jpg\" width=\"897\" height=\"1260\" alt=\"\" title=\"SIMA-2025\" aria-label=\"SIMA-2025\" class=\"img-responsive wp-image-18544 fusion-gallery-image-size-fixed\" srcset=\"https:\/\/www.fertilitycrete.gr\/wp-content\/uploads\/2025\/11\/SIMA-2025-200x281.jpg 200w, https:\/\/www.fertilitycrete.gr\/wp-content\/uploads\/2025\/11\/SIMA-2025-400x562.jpg 400w, https:\/\/www.fertilitycrete.gr\/wp-content\/uploads\/2025\/11\/SIMA-2025-600x843.jpg 600w, https:\/\/www.fertilitycrete.gr\/wp-content\/uploads\/2025\/11\/SIMA-2025-800x1124.jpg 800w, https:\/\/www.fertilitycrete.gr\/wp-content\/uploads\/2025\/11\/SIMA-2025.jpg 897w\" sizes=\"(min-width: 2200px) 100vw, (min-width: 824px) 387px, (min-width: 732px) 580px, (min-width: 640px) 732px, \" \/><\/div><\/a><\/div><\/div><div style=\"padding:5px;\" class=\"fusion-grid-column fusion-gallery-column fusion-gallery-column-3 hover-type-none fusion-element-portrait\"><div class=\"fusion-gallery-image\"><a href=\"https:\/\/www.fertilitycrete.gr\/wp-content\/uploads\/2025\/11\/dr-fraidakis-SIMA-2025.jpg\" rel=\"noreferrer\" data-rel=\"iLightbox[gallery_image_1]\" class=\"fusion-lightbox\" target=\"_self\"><div style=\"padding-top:calc((100% + 10px) * 1.6);background-position:;\" class=\"fusion-masonry-element-container lazyload\" data-bg=\"https:\/\/www.fertilitycrete.gr\/wp-content\/uploads\/2025\/11\/dr-fraidakis-SIMA-2025.jpg\"><img decoding=\"async\" src=\"https:\/\/www.fertilitycrete.gr\/wp-content\/uploads\/2025\/11\/dr-fraidakis-SIMA-2025.jpg\" width=\"1200\" height=\"1500\" alt=\"\" title=\"dr-fraidakis-SIMA-2025\" aria-label=\"dr-fraidakis-SIMA-2025\" class=\"img-responsive wp-image-18558 fusion-gallery-image-size-fixed\" srcset=\"https:\/\/www.fertilitycrete.gr\/wp-content\/uploads\/2025\/11\/dr-fraidakis-SIMA-2025-200x250.jpg 200w, https:\/\/www.fertilitycrete.gr\/wp-content\/uploads\/2025\/11\/dr-fraidakis-SIMA-2025-400x500.jpg 400w, https:\/\/www.fertilitycrete.gr\/wp-content\/uploads\/2025\/11\/dr-fraidakis-SIMA-2025-600x750.jpg 600w, https:\/\/www.fertilitycrete.gr\/wp-content\/uploads\/2025\/11\/dr-fraidakis-SIMA-2025-800x1000.jpg 800w, https:\/\/www.fertilitycrete.gr\/wp-content\/uploads\/2025\/11\/dr-fraidakis-SIMA-2025.jpg 1200w\" sizes=\"(min-width: 2200px) 100vw, (min-width: 824px) 387px, (min-width: 732px) 580px, (min-width: 640px) 732px, \" \/><\/div><\/a><\/div><\/div><\/div><\/div><\/div><\/div><\/div><\/div>\n","protected":false},"excerpt":{"rendered":"","protected":false},"author":2,"featured_media":18565,"comment_status":"open","ping_status":"open","sticky":false,"template":"","format":"standard","meta":{"footnotes":""},"categories":[114],"tags":[120],"class_list":["post-18578","post","type-post","status-publish","format-standard","has-post-thumbnail","hentry","category-nachrichten","tag-crete-fertility-centre-de"],"yoast_head":"<!-- This site is optimized with the Yoast SEO plugin v25.2 - https:\/\/yoast.com\/wordpress\/plugins\/seo\/ -->\n<title>Dr Fraidakis am 2. SIMA-Kongress teil - Crete Fertility Centre<\/title>\n<meta name=\"description\" content=\"Dr Fraidakis nahm am 2. SIMA-Kongress teil.\" \/>\n<meta name=\"robots\" content=\"index, follow, max-snippet:-1, max-image-preview:large, max-video-preview:-1\" \/>\n<link rel=\"canonical\" href=\"https:\/\/www.fertilitycrete.gr\/de\/nachrichten\/dr-fraidakis-am-2-sima-kongress-teil\/\" \/>\n<meta property=\"og:locale\" content=\"de_DE\" \/>\n<meta property=\"og:type\" content=\"article\" \/>\n<meta property=\"og:title\" content=\"Dr Fraidakis am 2. SIMA-Kongress teil - Crete Fertility Centre\" \/>\n<meta property=\"og:description\" content=\"Dr Fraidakis nahm am 2. SIMA-Kongress teil.\" \/>\n<meta property=\"og:url\" content=\"https:\/\/www.fertilitycrete.gr\/de\/nachrichten\/dr-fraidakis-am-2-sima-kongress-teil\/\" \/>\n<meta property=\"og:site_name\" content=\"Crete Fertility Centre\" \/>\n<meta property=\"article:publisher\" content=\"https:\/\/www.facebook.com\/cretefertility\/\" \/>\n<meta property=\"article:published_time\" content=\"2025-11-24T11:30:51+00:00\" \/>\n<meta property=\"article:modified_time\" content=\"2025-11-24T11:33:37+00:00\" \/>\n<meta property=\"og:image\" content=\"https:\/\/www.fertilitycrete.gr\/wp-content\/uploads\/2025\/11\/logo-sima-25.jpg\" \/>\n\t<meta property=\"og:image:width\" content=\"2500\" \/>\n\t<meta property=\"og:image:height\" content=\"1024\" \/>\n\t<meta property=\"og:image:type\" content=\"image\/jpeg\" \/>\n<meta name=\"author\" content=\"fer_gr_dalth\" \/>\n<meta name=\"twitter:card\" content=\"summary_large_image\" \/>\n<meta name=\"twitter:label1\" content=\"Verfasst von\" \/>\n\t<meta name=\"twitter:data1\" content=\"fer_gr_dalth\" \/>\n\t<meta name=\"twitter:label2\" content=\"Gesch\u00e4tzte Lesezeit\" \/>\n\t<meta name=\"twitter:data2\" content=\"2\u00a0Minuten\" \/>\n<script type=\"application\/ld+json\" class=\"yoast-schema-graph\">{\"@context\":\"https:\/\/schema.org\",\"@graph\":[{\"@type\":\"Article\",\"@id\":\"https:\/\/www.fertilitycrete.gr\/de\/nachrichten\/dr-fraidakis-am-2-sima-kongress-teil\/#article\",\"isPartOf\":{\"@id\":\"https:\/\/www.fertilitycrete.gr\/de\/nachrichten\/dr-fraidakis-am-2-sima-kongress-teil\/\"},\"author\":{\"name\":\"fer_gr_dalth\",\"@id\":\"https:\/\/www.fertilitycrete.gr\/#\/schema\/person\/1855edb244213cbfb9d738db768415ac\"},\"headline\":\"Dr Fraidakis am 2. SIMA-Kongress teil\",\"datePublished\":\"2025-11-24T11:30:51+00:00\",\"dateModified\":\"2025-11-24T11:33:37+00:00\",\"mainEntityOfPage\":{\"@id\":\"https:\/\/www.fertilitycrete.gr\/de\/nachrichten\/dr-fraidakis-am-2-sima-kongress-teil\/\"},\"wordCount\":637,\"commentCount\":0,\"publisher\":{\"@id\":\"https:\/\/www.fertilitycrete.gr\/#organization\"},\"image\":{\"@id\":\"https:\/\/www.fertilitycrete.gr\/de\/nachrichten\/dr-fraidakis-am-2-sima-kongress-teil\/#primaryimage\"},\"thumbnailUrl\":\"https:\/\/www.fertilitycrete.gr\/wp-content\/uploads\/2025\/11\/logo-sima-25.jpg\",\"keywords\":[\"Crete Fertility Centre\"],\"articleSection\":[\"Nachrichten\"],\"inLanguage\":\"de\",\"potentialAction\":[{\"@type\":\"CommentAction\",\"name\":\"Comment\",\"target\":[\"https:\/\/www.fertilitycrete.gr\/de\/nachrichten\/dr-fraidakis-am-2-sima-kongress-teil\/#respond\"]}]},{\"@type\":\"WebPage\",\"@id\":\"https:\/\/www.fertilitycrete.gr\/de\/nachrichten\/dr-fraidakis-am-2-sima-kongress-teil\/\",\"url\":\"https:\/\/www.fertilitycrete.gr\/de\/nachrichten\/dr-fraidakis-am-2-sima-kongress-teil\/\",\"name\":\"Dr Fraidakis am 2. SIMA-Kongress teil - Crete Fertility Centre\",\"isPartOf\":{\"@id\":\"https:\/\/www.fertilitycrete.gr\/#website\"},\"primaryImageOfPage\":{\"@id\":\"https:\/\/www.fertilitycrete.gr\/de\/nachrichten\/dr-fraidakis-am-2-sima-kongress-teil\/#primaryimage\"},\"image\":{\"@id\":\"https:\/\/www.fertilitycrete.gr\/de\/nachrichten\/dr-fraidakis-am-2-sima-kongress-teil\/#primaryimage\"},\"thumbnailUrl\":\"https:\/\/www.fertilitycrete.gr\/wp-content\/uploads\/2025\/11\/logo-sima-25.jpg\",\"datePublished\":\"2025-11-24T11:30:51+00:00\",\"dateModified\":\"2025-11-24T11:33:37+00:00\",\"description\":\"Dr Fraidakis nahm am 2. SIMA-Kongress teil.\",\"breadcrumb\":{\"@id\":\"https:\/\/www.fertilitycrete.gr\/de\/nachrichten\/dr-fraidakis-am-2-sima-kongress-teil\/#breadcrumb\"},\"inLanguage\":\"de\",\"potentialAction\":[{\"@type\":\"ReadAction\",\"target\":[\"https:\/\/www.fertilitycrete.gr\/de\/nachrichten\/dr-fraidakis-am-2-sima-kongress-teil\/\"]}]},{\"@type\":\"ImageObject\",\"inLanguage\":\"de\",\"@id\":\"https:\/\/www.fertilitycrete.gr\/de\/nachrichten\/dr-fraidakis-am-2-sima-kongress-teil\/#primaryimage\",\"url\":\"https:\/\/www.fertilitycrete.gr\/wp-content\/uploads\/2025\/11\/logo-sima-25.jpg\",\"contentUrl\":\"https:\/\/www.fertilitycrete.gr\/wp-content\/uploads\/2025\/11\/logo-sima-25.jpg\",\"width\":2500,\"height\":1024},{\"@type\":\"BreadcrumbList\",\"@id\":\"https:\/\/www.fertilitycrete.gr\/de\/nachrichten\/dr-fraidakis-am-2-sima-kongress-teil\/#breadcrumb\",\"itemListElement\":[{\"@type\":\"ListItem\",\"position\":1,\"name\":\"Home\",\"item\":\"https:\/\/www.fertilitycrete.gr\/de\/\"},{\"@type\":\"ListItem\",\"position\":2,\"name\":\"Dr Fraidakis am 2. SIMA-Kongress teil\"}]},{\"@type\":\"WebSite\",\"@id\":\"https:\/\/www.fertilitycrete.gr\/#website\",\"url\":\"https:\/\/www.fertilitycrete.gr\/\",\"name\":\"Crete Fertility Centre\",\"description\":\"Pionier auf dem Gebiet der assistierten menschlichen Reproduktion mit mehr als 30 Jahren Erfahrung in IVF.\",\"publisher\":{\"@id\":\"https:\/\/www.fertilitycrete.gr\/#organization\"},\"potentialAction\":[{\"@type\":\"SearchAction\",\"target\":{\"@type\":\"EntryPoint\",\"urlTemplate\":\"https:\/\/www.fertilitycrete.gr\/?s={search_term_string}\"},\"query-input\":{\"@type\":\"PropertyValueSpecification\",\"valueRequired\":true,\"valueName\":\"search_term_string\"}}],\"inLanguage\":\"de\"},{\"@type\":\"Organization\",\"@id\":\"https:\/\/www.fertilitycrete.gr\/#organization\",\"name\":\"Crete Fertility Centre\",\"url\":\"https:\/\/www.fertilitycrete.gr\/\",\"logo\":{\"@type\":\"ImageObject\",\"inLanguage\":\"de\",\"@id\":\"https:\/\/www.fertilitycrete.gr\/#\/schema\/logo\/image\/\",\"url\":\"https:\/\/www.fertilitycrete.gr\/wp-content\/uploads\/2021\/09\/crete-fertility-centre-logo-2020-site.png\",\"contentUrl\":\"https:\/\/www.fertilitycrete.gr\/wp-content\/uploads\/2021\/09\/crete-fertility-centre-logo-2020-site.png\",\"width\":3392,\"height\":1949,\"caption\":\"Crete Fertility Centre\"},\"image\":{\"@id\":\"https:\/\/www.fertilitycrete.gr\/#\/schema\/logo\/image\/\"},\"sameAs\":[\"https:\/\/www.facebook.com\/cretefertility\/\",\"https:\/\/www.youtube.com\/user\/FertilityCrete\"]},{\"@type\":\"Person\",\"@id\":\"https:\/\/www.fertilitycrete.gr\/#\/schema\/person\/1855edb244213cbfb9d738db768415ac\",\"name\":\"fer_gr_dalth\",\"image\":{\"@type\":\"ImageObject\",\"inLanguage\":\"de\",\"@id\":\"https:\/\/www.fertilitycrete.gr\/#\/schema\/person\/image\/\",\"url\":\"https:\/\/secure.gravatar.com\/avatar\/c631a8b98ef47fdca0e413d3e2f3366ac24cda4b5ceea8d772b26afde59fc2f7?s=96&d=mm&r=g\",\"contentUrl\":\"https:\/\/secure.gravatar.com\/avatar\/c631a8b98ef47fdca0e413d3e2f3366ac24cda4b5ceea8d772b26afde59fc2f7?s=96&d=mm&r=g\",\"caption\":\"fer_gr_dalth\"},\"url\":\"https:\/\/www.fertilitycrete.gr\/de\/author\/fer_gr_dalth\/\"}]}<\/script>\n<!-- \/ Yoast SEO plugin. -->","yoast_head_json":{"title":"Dr Fraidakis am 2. SIMA-Kongress teil - Crete Fertility Centre","description":"Dr Fraidakis nahm am 2. SIMA-Kongress teil.","robots":{"index":"index","follow":"follow","max-snippet":"max-snippet:-1","max-image-preview":"max-image-preview:large","max-video-preview":"max-video-preview:-1"},"canonical":"https:\/\/www.fertilitycrete.gr\/de\/nachrichten\/dr-fraidakis-am-2-sima-kongress-teil\/","og_locale":"de_DE","og_type":"article","og_title":"Dr Fraidakis am 2. SIMA-Kongress teil - Crete Fertility Centre","og_description":"Dr Fraidakis nahm am 2. SIMA-Kongress teil.","og_url":"https:\/\/www.fertilitycrete.gr\/de\/nachrichten\/dr-fraidakis-am-2-sima-kongress-teil\/","og_site_name":"Crete Fertility Centre","article_publisher":"https:\/\/www.facebook.com\/cretefertility\/","article_published_time":"2025-11-24T11:30:51+00:00","article_modified_time":"2025-11-24T11:33:37+00:00","og_image":[{"width":2500,"height":1024,"url":"https:\/\/www.fertilitycrete.gr\/wp-content\/uploads\/2025\/11\/logo-sima-25.jpg","type":"image\/jpeg"}],"author":"fer_gr_dalth","twitter_card":"summary_large_image","twitter_misc":{"Verfasst von":"fer_gr_dalth","Gesch\u00e4tzte Lesezeit":"2\u00a0Minuten"},"schema":{"@context":"https:\/\/schema.org","@graph":[{"@type":"Article","@id":"https:\/\/www.fertilitycrete.gr\/de\/nachrichten\/dr-fraidakis-am-2-sima-kongress-teil\/#article","isPartOf":{"@id":"https:\/\/www.fertilitycrete.gr\/de\/nachrichten\/dr-fraidakis-am-2-sima-kongress-teil\/"},"author":{"name":"fer_gr_dalth","@id":"https:\/\/www.fertilitycrete.gr\/#\/schema\/person\/1855edb244213cbfb9d738db768415ac"},"headline":"Dr Fraidakis am 2. SIMA-Kongress teil","datePublished":"2025-11-24T11:30:51+00:00","dateModified":"2025-11-24T11:33:37+00:00","mainEntityOfPage":{"@id":"https:\/\/www.fertilitycrete.gr\/de\/nachrichten\/dr-fraidakis-am-2-sima-kongress-teil\/"},"wordCount":637,"commentCount":0,"publisher":{"@id":"https:\/\/www.fertilitycrete.gr\/#organization"},"image":{"@id":"https:\/\/www.fertilitycrete.gr\/de\/nachrichten\/dr-fraidakis-am-2-sima-kongress-teil\/#primaryimage"},"thumbnailUrl":"https:\/\/www.fertilitycrete.gr\/wp-content\/uploads\/2025\/11\/logo-sima-25.jpg","keywords":["Crete Fertility Centre"],"articleSection":["Nachrichten"],"inLanguage":"de","potentialAction":[{"@type":"CommentAction","name":"Comment","target":["https:\/\/www.fertilitycrete.gr\/de\/nachrichten\/dr-fraidakis-am-2-sima-kongress-teil\/#respond"]}]},{"@type":"WebPage","@id":"https:\/\/www.fertilitycrete.gr\/de\/nachrichten\/dr-fraidakis-am-2-sima-kongress-teil\/","url":"https:\/\/www.fertilitycrete.gr\/de\/nachrichten\/dr-fraidakis-am-2-sima-kongress-teil\/","name":"Dr Fraidakis am 2. SIMA-Kongress teil - Crete Fertility Centre","isPartOf":{"@id":"https:\/\/www.fertilitycrete.gr\/#website"},"primaryImageOfPage":{"@id":"https:\/\/www.fertilitycrete.gr\/de\/nachrichten\/dr-fraidakis-am-2-sima-kongress-teil\/#primaryimage"},"image":{"@id":"https:\/\/www.fertilitycrete.gr\/de\/nachrichten\/dr-fraidakis-am-2-sima-kongress-teil\/#primaryimage"},"thumbnailUrl":"https:\/\/www.fertilitycrete.gr\/wp-content\/uploads\/2025\/11\/logo-sima-25.jpg","datePublished":"2025-11-24T11:30:51+00:00","dateModified":"2025-11-24T11:33:37+00:00","description":"Dr Fraidakis nahm am 2. SIMA-Kongress teil.","breadcrumb":{"@id":"https:\/\/www.fertilitycrete.gr\/de\/nachrichten\/dr-fraidakis-am-2-sima-kongress-teil\/#breadcrumb"},"inLanguage":"de","potentialAction":[{"@type":"ReadAction","target":["https:\/\/www.fertilitycrete.gr\/de\/nachrichten\/dr-fraidakis-am-2-sima-kongress-teil\/"]}]},{"@type":"ImageObject","inLanguage":"de","@id":"https:\/\/www.fertilitycrete.gr\/de\/nachrichten\/dr-fraidakis-am-2-sima-kongress-teil\/#primaryimage","url":"https:\/\/www.fertilitycrete.gr\/wp-content\/uploads\/2025\/11\/logo-sima-25.jpg","contentUrl":"https:\/\/www.fertilitycrete.gr\/wp-content\/uploads\/2025\/11\/logo-sima-25.jpg","width":2500,"height":1024},{"@type":"BreadcrumbList","@id":"https:\/\/www.fertilitycrete.gr\/de\/nachrichten\/dr-fraidakis-am-2-sima-kongress-teil\/#breadcrumb","itemListElement":[{"@type":"ListItem","position":1,"name":"Home","item":"https:\/\/www.fertilitycrete.gr\/de\/"},{"@type":"ListItem","position":2,"name":"Dr Fraidakis am 2. SIMA-Kongress teil"}]},{"@type":"WebSite","@id":"https:\/\/www.fertilitycrete.gr\/#website","url":"https:\/\/www.fertilitycrete.gr\/","name":"Crete Fertility Centre","description":"Pionier auf dem Gebiet der assistierten menschlichen Reproduktion mit mehr als 30 Jahren Erfahrung in IVF.","publisher":{"@id":"https:\/\/www.fertilitycrete.gr\/#organization"},"potentialAction":[{"@type":"SearchAction","target":{"@type":"EntryPoint","urlTemplate":"https:\/\/www.fertilitycrete.gr\/?s={search_term_string}"},"query-input":{"@type":"PropertyValueSpecification","valueRequired":true,"valueName":"search_term_string"}}],"inLanguage":"de"},{"@type":"Organization","@id":"https:\/\/www.fertilitycrete.gr\/#organization","name":"Crete Fertility Centre","url":"https:\/\/www.fertilitycrete.gr\/","logo":{"@type":"ImageObject","inLanguage":"de","@id":"https:\/\/www.fertilitycrete.gr\/#\/schema\/logo\/image\/","url":"https:\/\/www.fertilitycrete.gr\/wp-content\/uploads\/2021\/09\/crete-fertility-centre-logo-2020-site.png","contentUrl":"https:\/\/www.fertilitycrete.gr\/wp-content\/uploads\/2021\/09\/crete-fertility-centre-logo-2020-site.png","width":3392,"height":1949,"caption":"Crete Fertility Centre"},"image":{"@id":"https:\/\/www.fertilitycrete.gr\/#\/schema\/logo\/image\/"},"sameAs":["https:\/\/www.facebook.com\/cretefertility\/","https:\/\/www.youtube.com\/user\/FertilityCrete"]},{"@type":"Person","@id":"https:\/\/www.fertilitycrete.gr\/#\/schema\/person\/1855edb244213cbfb9d738db768415ac","name":"fer_gr_dalth","image":{"@type":"ImageObject","inLanguage":"de","@id":"https:\/\/www.fertilitycrete.gr\/#\/schema\/person\/image\/","url":"https:\/\/secure.gravatar.com\/avatar\/c631a8b98ef47fdca0e413d3e2f3366ac24cda4b5ceea8d772b26afde59fc2f7?s=96&d=mm&r=g","contentUrl":"https:\/\/secure.gravatar.com\/avatar\/c631a8b98ef47fdca0e413d3e2f3366ac24cda4b5ceea8d772b26afde59fc2f7?s=96&d=mm&r=g","caption":"fer_gr_dalth"},"url":"https:\/\/www.fertilitycrete.gr\/de\/author\/fer_gr_dalth\/"}]}},"_links":{"self":[{"href":"https:\/\/www.fertilitycrete.gr\/de\/wp-json\/wp\/v2\/posts\/18578","targetHints":{"allow":["GET"]}}],"collection":[{"href":"https:\/\/www.fertilitycrete.gr\/de\/wp-json\/wp\/v2\/posts"}],"about":[{"href":"https:\/\/www.fertilitycrete.gr\/de\/wp-json\/wp\/v2\/types\/post"}],"author":[{"embeddable":true,"href":"https:\/\/www.fertilitycrete.gr\/de\/wp-json\/wp\/v2\/users\/2"}],"replies":[{"embeddable":true,"href":"https:\/\/www.fertilitycrete.gr\/de\/wp-json\/wp\/v2\/comments?post=18578"}],"version-history":[{"count":4,"href":"https:\/\/www.fertilitycrete.gr\/de\/wp-json\/wp\/v2\/posts\/18578\/revisions"}],"predecessor-version":[{"id":18582,"href":"https:\/\/www.fertilitycrete.gr\/de\/wp-json\/wp\/v2\/posts\/18578\/revisions\/18582"}],"wp:featuredmedia":[{"embeddable":true,"href":"https:\/\/www.fertilitycrete.gr\/de\/wp-json\/wp\/v2\/media\/18565"}],"wp:attachment":[{"href":"https:\/\/www.fertilitycrete.gr\/de\/wp-json\/wp\/v2\/media?parent=18578"}],"wp:term":[{"taxonomy":"category","embeddable":true,"href":"https:\/\/www.fertilitycrete.gr\/de\/wp-json\/wp\/v2\/categories?post=18578"},{"taxonomy":"post_tag","embeddable":true,"href":"https:\/\/www.fertilitycrete.gr\/de\/wp-json\/wp\/v2\/tags?post=18578"}],"curies":[{"name":"wp","href":"https:\/\/api.w.org\/{rel}","templated":true}]}}